{"id":390,"date":"2024-12-10T16:11:22","date_gmt":"2024-12-10T15:11:22","guid":{"rendered":"http:\/\/ze-mas.com\/?p=390"},"modified":"2025-11-03T11:23:04","modified_gmt":"2025-11-03T10:23:04","slug":"ardeche-meridionale-paradis-du-trail","status":"publish","type":"post","link":"http:\/\/ze-mas.com\/index.php\/2024\/12\/10\/ardeche-meridionale-paradis-du-trail\/","title":{"rendered":"Ard\u00e8che m\u00e9ridionale, paradis du trail"},"content":{"rendered":"\n<p>L&rsquo;Ard\u00e8che m\u00e9ridionale, situ\u00e9e au sud du d\u00e9partement de l&rsquo;Ard\u00e8che, est un v\u00e9ritable paradis pour les amateurs de trail et de course \u00e0 pied. Avec ses paysages vari\u00e9s et pr\u00e9serv\u00e9s, ses sentiers sinueux \u00e0 travers les for\u00eats et les gorges, et ses nombreux \u00e9v\u00e9nements sportifs, cette r\u00e9gion offre une exp\u00e9rience unique aux coureurs de tous niveaux. Dans cet article, nous explorons les atouts de l&rsquo;Ard\u00e8che m\u00e9ridionale pour la pratique du trail mais aussi les principales courses organis\u00e9es dans la r\u00e9gion.<\/p>\n\n\n\n<h2 class=\"wp-block-heading\">Une nature intacte<\/h2>\n\n\n\n<p>L&rsquo;un des principaux attraits de l&rsquo;Ard\u00e8che m\u00e9ridionale est sans aucun doute la beaut\u00e9 et la diversit\u00e9 de ses paysages. La r\u00e9gion est caract\u00e9ris\u00e9e par une nature intacte, offrant un cadre exceptionnel pour la course \u00e0 pied. Les coureurs peuvent ainsi profiter de sentiers serpentant \u00e0 travers des for\u00eats denses, des maquis parfum\u00e9s, et longeant des rivi\u00e8res cristallines. Les gorges spectaculaires, comme celles de l&rsquo;Ard\u00e8che, du Chassezac ou de la Beaume, ajoutent une dimension grandiose aux parcours de trail et au plaisir de courir.<\/p>\n\n\n\n<figure class=\"wp-block-image size-large is-resized\"><img loading=\"lazy\" decoding=\"async\" width=\"768\" height=\"1024\" src=\"http:\/\/ze-mas.com\/wp-content\/uploads\/2024\/12\/20240912_084018406_iOS-768x1024.jpeg\" alt=\"L'Ard\u00e8che m\u00e9ridionale est un paradis pour les amoureux de trail. Sur les hauteurs de Saint-Alban Auriolles\" class=\"wp-image-395\" style=\"width:282px;height:auto\" srcset=\"http:\/\/ze-mas.com\/wp-content\/uploads\/2024\/12\/20240912_084018406_iOS-768x1024.jpeg 768w, http:\/\/ze-mas.com\/wp-content\/uploads\/2024\/12\/20240912_084018406_iOS-225x300.jpeg 225w, http:\/\/ze-mas.com\/wp-content\/uploads\/2024\/12\/20240912_084018406_iOS-1152x1536.jpeg 1152w, http:\/\/ze-mas.com\/wp-content\/uploads\/2024\/12\/20240912_084018406_iOS-1536x2048.jpeg 1536w, http:\/\/ze-mas.com\/wp-content\/uploads\/2024\/12\/20240912_084018406_iOS-624x832.jpeg 624w, http:\/\/ze-mas.com\/wp-content\/uploads\/2024\/12\/20240912_084018406_iOS-scaled.jpeg 1920w\" sizes=\"auto, (max-width: 768px) 100vw, 768px\" \/><\/figure>\n\n\n\n<p>La pr\u00e9servation de l&rsquo;environnement naturel est une priorit\u00e9 en Ard\u00e8che m\u00e9ridionale, ce qui permet aux sportifs de s&rsquo;immerger dans des paysages authentiques et peu alt\u00e9r\u00e9s par l&rsquo;homme. Les efforts de conservation et de gestion durable des espaces naturels garantissent une exp\u00e9rience de course respectueuse de l&rsquo;environnement. Ce n\u2019est pas pour rien si GreenGo, plateforme de r\u00e9servation d\u2019h\u00e9bergements \u00ab \u00e9co-responsables \u00bb en France, a class\u00e9 l\u2019Ard\u00e8che en premi\u00e8re position dans son classement des d\u00e9partements les plus recherch\u00e9s par les voyageurs en qu\u00eate d\u2019un s\u00e9jour vert, proche de la nature et \u00e9co-responsable (devant le Finist\u00e8re et la Gironde).<\/p>\n\n\n\n<h2 class=\"wp-block-heading\">La diversit\u00e9 des paysages<\/h2>\n\n\n\n<p>L&rsquo;Ard\u00e8che m\u00e9ridionale se distingue par la vari\u00e9t\u00e9 de ses paysages, qui offre aux coureurs une multitude de terrains \u00e0 explorer. Les plateaux calcaires, les collines bois\u00e9es, les vall\u00e9es fertiles et les gorges des nombreuses rivi\u00e8res se succ\u00e8dent pour cr\u00e9er un cadre de course riche et stimulant. Cette diversit\u00e9 permet de varier les plaisirs et les difficult\u00e9s, avec des parcours adapt\u00e9s \u00e0 tous les niveaux de pratique. D\u00e9nivel\u00e9 abruptes, sentiers roulants ou tr\u00e8s techniques, chemins dans les sous-bois (bien agr\u00e9able en \u00e9t\u00e9 lorsque les temp\u00e9ratures d\u00e9passent all\u00e9grement les 30\u00b0) ou travers les vignes, les efforts sont g\u00e9n\u00e9ralement r\u00e9compens\u00e9s par des points de vue imprenables, faisant de chaque sortie de trail en Ard\u00e8che m\u00e9ridionale une nouvelle aventure.<\/p>\n\n\n\n<figure class=\"wp-block-image size-large is-resized\"><img loading=\"lazy\" decoding=\"async\" width=\"768\" height=\"1024\" src=\"http:\/\/ze-mas.com\/wp-content\/uploads\/2024\/12\/20240912_162929850_iOS-1-768x1024.jpeg\" alt=\"L'Ard\u00e8che m\u00e9ridionale est un paradis pour les amoureux de trail. Gorges de la Beaume.\" class=\"wp-image-392\" style=\"width:284px;height:auto\" srcset=\"http:\/\/ze-mas.com\/wp-content\/uploads\/2024\/12\/20240912_162929850_iOS-1-768x1024.jpeg 768w, http:\/\/ze-mas.com\/wp-content\/uploads\/2024\/12\/20240912_162929850_iOS-1-225x300.jpeg 225w, http:\/\/ze-mas.com\/wp-content\/uploads\/2024\/12\/20240912_162929850_iOS-1-1152x1536.jpeg 1152w, http:\/\/ze-mas.com\/wp-content\/uploads\/2024\/12\/20240912_162929850_iOS-1-1536x2048.jpeg 1536w, http:\/\/ze-mas.com\/wp-content\/uploads\/2024\/12\/20240912_162929850_iOS-1-624x832.jpeg 624w, http:\/\/ze-mas.com\/wp-content\/uploads\/2024\/12\/20240912_162929850_iOS-1-scaled.jpeg 1920w\" sizes=\"auto, (max-width: 768px) 100vw, 768px\" \/><\/figure>\n\n\n\n<h2 class=\"wp-block-heading\">Les Principales Courses de Trail en Ard\u00e8che M\u00e9ridionale<\/h2>\n\n\n\n<p>L&rsquo;Ard\u00e8che m\u00e9ridionale accueille plusieurs \u00e9v\u00e9nements de trail, attirant des coureurs de toute la France et m\u00eame de l&rsquo;\u00e9tranger. Mais toutes les courses restent des courses \u00e0 taille humaine, qui permettent de retrouver l&rsquo;esprit de convivialit\u00e9 et de communaut\u00e9 qui r\u00e8gne parmi les coureurs (et s\u2019est totalement perdu sur les grands \u00e9v\u00e8nements en milieu urbain). Ils donnent l&rsquo;occasion de rencontrer d&rsquo;autres passionn\u00e9s et de partager des exp\u00e9riences et des conseils.<\/p>\n\n\n\n<figure class=\"wp-block-image size-large is-resized\"><img loading=\"lazy\" decoding=\"async\" width=\"768\" height=\"1024\" src=\"http:\/\/ze-mas.com\/wp-content\/uploads\/2024\/12\/20240915_093501730_iOS-768x1024.jpeg\" alt=\"L'Ard\u00e8che m\u00e9ridionale est un paradis pour les amoureux de trail. D\u00e9part du Trail des Dolmens\" class=\"wp-image-393\" style=\"width:299px;height:auto\" srcset=\"http:\/\/ze-mas.com\/wp-content\/uploads\/2024\/12\/20240915_093501730_iOS-768x1024.jpeg 768w, http:\/\/ze-mas.com\/wp-content\/uploads\/2024\/12\/20240915_093501730_iOS-225x300.jpeg 225w, http:\/\/ze-mas.com\/wp-content\/uploads\/2024\/12\/20240915_093501730_iOS-1152x1536.jpeg 1152w, http:\/\/ze-mas.com\/wp-content\/uploads\/2024\/12\/20240915_093501730_iOS-1536x2048.jpeg 1536w, http:\/\/ze-mas.com\/wp-content\/uploads\/2024\/12\/20240915_093501730_iOS-624x832.jpeg 624w, http:\/\/ze-mas.com\/wp-content\/uploads\/2024\/12\/20240915_093501730_iOS-scaled.jpeg 1920w\" sizes=\"auto, (max-width: 768px) 100vw, 768px\" \/><\/figure>\n\n\n\n<p>Voici quelques-unes des principales courses organis\u00e9es dans la r\u00e9gion, sans ambition de fournir une liste exhaustive:<\/p>\n\n\n\n<h3 class=\"wp-block-heading\"><strong>Ard\u00e8cheRun<\/strong><\/h3>\n\n\n\n<p>L&rsquo;<a href=\"https:\/\/www.ardeche-run.com\/\">Ard\u00e8cheRun<\/a> est un \u00e9v\u00e9nement incontournable pour les amateurs de trail et reviendra en 2025 apr\u00e8s plusieurs ann\u00e9es d\u2019absence. Cette course offre plusieurs parcours (Kid Partner, Rando, relais), permettant \u00e0 chacun de trouver un d\u00e9fi \u00e0 sa mesure. La course principale reste le semi-marathon entre Aubenas et Antraigues, le village de Jean Ferrat et ses quelque 400 m\u00e8tres de d\u00e9nivel\u00e9 positif qui se concentrent essentiellement sur les 4 kms de l\u2019ascension du volcan de Craux. Parcours essentiellement routier, il permet n\u00e9anmoins de traverser des paysages pittoresques et offre quelques vues magnifiques sur les montagnes et les vall\u00e9es ard\u00e9choises. Tous ceux qui ont eu le plaisir de courir l\u2019Ard\u00e8cheRun par le pass\u00e9 se r\u00e9jouissent de sa prochaine \u00e9dition, le 21 juin 2025.<\/p>\n\n\n\n<h3 class=\"wp-block-heading\"><strong>Trail des Dolmens<\/strong><\/h3>\n\n\n\n<p>Le <a href=\"https:\/\/traildesdolmens-ardeche.com\/\">Trail des Dolmens<\/a> est une autre course embl\u00e9matique de l&rsquo;Ard\u00e8che m\u00e9ridionale. Organis\u00e9e chaque ann\u00e9e, cette course tire son nom des nombreux dolmens pr\u00e9historiques que l&rsquo;on peut d\u00e9couvrir en Ard\u00e8che m\u00e9ridionale, dont l\u2019un ou l\u2019autre le long du parcours. Les sentiers traversent des for\u00eats, des plateaux rocheux, et des zones de maquis, offrant une immersion totale dans la nature ard\u00e9choise. Avec des parcours de 7, 15 et 24 kms, le Trail des Dolmens est accessible \u00e0 tous les niveaux de coureurs. Cet \u00e9v\u00e9nement constitue la derni\u00e8re \u00e9preuve du Challenge Cr\u00e9dit Agricole des Trails en C\u00e9vennes d\u2019Ard\u00e8che et, avec seulement quelques centaines de participants, offre une exp\u00e9rience \u00e9coresponsable et unique aux amateurs de trail et de nature. Prochaine \u00e9dition le 15 septembre 2025.<\/p>\n\n\n\n<h3 class=\"wp-block-heading\"><strong>Taranis Arga Trail<\/strong><\/h3>\n\n\n\n<p>Envie de vous frotter \u00e0 un parcours de 118 kms et 5000 m\u00e8tres de d\u00e9nivel\u00e9 positif\u00a0? Le <a href=\"https:\/\/www.taranisargatrail.com\/index.html\">Taranis Arga Trail<\/a> offre une course unique et original\u00a0: le parcours, compos\u00e9 de 10 boucles (\u00e0 r\u00e9aliser dans l&rsquo;ordre de leur num\u00e9rotation quelque soit le nombre de boucles effectu\u00e9es et en 24 heures max.), permet de repousser vos limites au fil de la course, en fonction de vos sensations et du d\u00e9fi que vous vous serez lanc\u00e9. La prochaine \u00e9dition est pr\u00e9vue d\u00e9but septembre 2025.<\/p>\n\n\n\n<h3 class=\"wp-block-heading\"><strong>Trail des 36\u00a0000<\/strong><\/h3>\n\n\n\n<p>Ce <a href=\"https:\/\/traildes36000.com\/\">Trail des 36 000<\/a>, qui proposait diff\u00e9rentes distances entre 11 et 36 kms (les 36\u00a0000 m\u00e8tres sont un clin d\u2019\u0153il au 36\u00a0000 ann\u00e9es de la Grotte Chauvet), s\u2019est d\u00e9roul\u00e9 pour la derni\u00e8re fois en septembre 2023, sous une chaleur caniculaire. Une partie du trac\u00e9 permettait de courir dans les gorges de l\u2019Ard\u00e8che et de traverser la rivi\u00e8re sur un pont de cano\u00ebs, une exp\u00e9rience que l\u2019on n\u2019oublie pas. <br>Les organisateurs ont promis de revenir avec un \u00e9v\u00e8nement permettant de courir sur \u00ab\u00a0les traces de nos anc\u00eatres\u00a0\u00bb en 2025. A suivre\u00a0!<\/p>\n\n\n\n<h3 class=\"wp-block-heading\"><strong>Trail Beaume Drobie<\/strong><\/h3>\n\n\n\n<p>Les 4 parcours du <a href=\"https:\/\/patricerotteleur.wixsite.com\/trail-beaume-drobie\">Trail Beaume Drobie<\/a> (entre 11 kms \/ 420m de d\u00e9nivel\u00e9 et 51 kms \/ 2490m), dont 2 sont \u00e9galement ouverts aux marcheurs, sont tous des boucles ui partent et arrivent au centre de Valgorge. Le trac\u00e9 de d\u00e9part est commun aux 4 boucles et propose de remonter la Beaume par un sentier technique et accident\u00e9. La 11<sup>\u00e8me<\/sup> \u00e9dition de ce trail aura lieu les 21 et 22 juin 2025.<\/p>\n\n\n\n<h2 class=\"wp-block-heading\">Le plaisir de courir en Ard\u00e8che m\u00e9ridionale<\/h2>\n\n\n\n<p>Au-del\u00e0 des courses organis\u00e9es, l&rsquo;Ard\u00e8che m\u00e9ridionale offre un cadre exceptionnel pour les sorties de trail au quotidien. La r\u00e9gion est parsem\u00e9e de sentiers balis\u00e9s et de chemins de randonn\u00e9e, permettant aux coureurs de s&rsquo;entra\u00eener dans des conditions id\u00e9ales. Le climat m\u00e9diterran\u00e9en, avec ses hivers doux et ses \u00e9t\u00e9s chauds, permet de pratiquer le trail tout au long de l&rsquo;ann\u00e9e.<\/p>\n\n\n\n<p>Courir en Ard\u00e8che m\u00e9ridionale, c&rsquo;est avant tout le plaisir de s&rsquo;immerger dans une nature pr\u00e9serv\u00e9e et de d\u00e9couvrir des paysages d&rsquo;une incroyable diversit\u00e9. Chaque sortie est une invitation \u00e0 l&rsquo;exploration et \u00e0 la d\u00e9couverte de nouveaux horizons.<\/p>\n\n\n\n<h2 class=\"wp-block-heading\">Un vrai paradis pour les amateurs de course \u00e0 pied<\/h2>\n\n\n\n<p>L&rsquo;Ard\u00e8che m\u00e9ridionale est sans conteste un paradis pour les amateurs de trail et de course \u00e0 pied. Avec ses paysages vari\u00e9s et pr\u00e9serv\u00e9s, ses sentiers techniques et exigeants, et ses nombreux \u00e9v\u00e9nements sportifs, la r\u00e9gion offre une exp\u00e9rience unique et enrichissante pour les coureurs de tous niveaux. Que ce soit pour participer \u00e0 une course embl\u00e9matique comme l&rsquo;Ard\u00e8cheRun ou le Trail des Dolmens, ou pour simplement profiter de la beaut\u00e9 de la nature lors d&rsquo;une sortie quotidienne, l&rsquo;Ard\u00e8che m\u00e9ridionale est le cadre id\u00e9al pour vivre pleinement votre passion du trail.<\/p>\n\n\n\n<p>Alors, chaussez vos baskets et partez \u00e0 la d\u00e9couverte de ce merveilleux terrain de jeu naturel qu&rsquo;est l&rsquo;Ard\u00e8che m\u00e9ridionale. Que vous soyez \u00e0 la recherche de nouveaux d\u00e9fis, de paysages \u00e0 couper le souffle, ou simplement du plaisir de courir en pleine nature, vous trouverez tout cela et bien plus encore dans cette magnifique r\u00e9gion.<\/p>\n\n\n\n<p>Saint-Alban Auriolles<br>D\u00e9cembre 2024<\/p>\n\n\n\n<figure class=\"wp-block-image size-large\"><img loading=\"lazy\" decoding=\"async\" width=\"1024\" height=\"768\" src=\"http:\/\/ze-mas.com\/wp-content\/uploads\/2024\/12\/20241020_151707213_iOS-1024x768.jpeg\" alt=\"L'Ard\u00e8che m\u00e9ridionale est un paradis pour les amoureux de trail. Gorges de la Beaume,\" class=\"wp-image-394\" srcset=\"http:\/\/ze-mas.com\/wp-content\/uploads\/2024\/12\/20241020_151707213_iOS-1024x768.jpeg 1024w, http:\/\/ze-mas.com\/wp-content\/uploads\/2024\/12\/20241020_151707213_iOS-300x225.jpeg 300w, http:\/\/ze-mas.com\/wp-content\/uploads\/2024\/12\/20241020_151707213_iOS-768x576.jpeg 768w, http:\/\/ze-mas.com\/wp-content\/uploads\/2024\/12\/20241020_151707213_iOS-1536x1152.jpeg 1536w, http:\/\/ze-mas.com\/wp-content\/uploads\/2024\/12\/20241020_151707213_iOS-2048x1536.jpeg 2048w, http:\/\/ze-mas.com\/wp-content\/uploads\/2024\/12\/20241020_151707213_iOS-624x468.jpeg 624w\" sizes=\"auto, (max-width: 1024px) 100vw, 1024px\" \/><\/figure>\n\n\n\n<p><br><br><em>Toutes les photos sont des photos personnelles, couvertes par le droit d&rsquo;auteur. Elles ne peuvent en aucun cas \u00eatre utilis\u00e9es sans mon accord \u00e9crit.<\/em><\/p>\n\n\n\n<p><\/p>\n","protected":false},"excerpt":{"rendered":"<p>L&rsquo;Ard\u00e8che m\u00e9ridionale, situ\u00e9e au sud du d\u00e9partement de l&rsquo;Ard\u00e8che, est un v\u00e9ritable paradis pour les amateurs de trail et de course \u00e0 pied. Avec ses paysages vari\u00e9s et pr\u00e9serv\u00e9s, ses sentiers sinueux \u00e0 travers les for\u00eats et les gorges, et ses nombreux \u00e9v\u00e9nements sportifs, cette r\u00e9gion offre une exp\u00e9rience unique aux coureurs de tous niveaux. [&hellip;]<\/p>\n","protected":false},"author":1,"featured_media":0,"comment_status":"closed","ping_status":"open","sticky":false,"template":"","format":"standard","meta":{"footnotes":""},"categories":[18,17,20,19,13,14,15,16],"tags":[7,12,6,4],"class_list":["post-390","post","type-post","status-publish","format-standard","hentry","category-ardeche-meridionale","category-course-a-pied","category-evenements","category-nature-et-aventure","category-sport-et-loisirs","category-tourisme-et-voyage","category-trail","category-trail-sport-et-loisirs","tag-ardeche-meridionale","tag-drobie","tag-nature","tag-trail"],"yoast_head":"<!-- This site is optimized with the Yoast SEO plugin v24.9 - https:\/\/yoast.com\/wordpress\/plugins\/seo\/ -->\n<title>Ard\u00e8che m\u00e9ridionale, paradis pour amoureux de trail - ZE-MAS<\/title>\n<meta name=\"description\" content=\"L&#039;Ard\u00e8che m\u00e9ridionale est un paradis pour les amoureux de course \u00e0 pied en milieu naturel, en particulier pour les amoureux du trail.\" \/>\n<meta name=\"robots\" content=\"index, follow, max-snippet:-1, max-image-preview:large, max-video-preview:-1\" \/>\n<link rel=\"canonical\" href=\"http:\/\/ze-mas.com\/index.php\/2024\/12\/10\/ardeche-meridionale-paradis-du-trail\/\" \/>\n<meta property=\"og:locale\" content=\"fr_FR\" \/>\n<meta property=\"og:type\" content=\"article\" \/>\n<meta property=\"og:title\" content=\"Ard\u00e8che m\u00e9ridionale, paradis pour amoureux de trail - ZE-MAS\" \/>\n<meta property=\"og:description\" content=\"L&#039;Ard\u00e8che m\u00e9ridionale est un paradis pour les amoureux de course \u00e0 pied en milieu naturel, en particulier pour les amoureux du trail.\" \/>\n<meta property=\"og:url\" content=\"http:\/\/ze-mas.com\/index.php\/2024\/12\/10\/ardeche-meridionale-paradis-du-trail\/\" \/>\n<meta property=\"og:site_name\" content=\"ZE-MAS\" \/>\n<meta property=\"article:published_time\" content=\"2024-12-10T15:11:22+00:00\" \/>\n<meta property=\"article:modified_time\" content=\"2025-11-03T10:23:04+00:00\" \/>\n<meta property=\"og:image\" content=\"http:\/\/ze-mas.com\/wp-content\/uploads\/2024\/12\/20240912_084018406_iOS-scaled.jpeg\" \/>\n\t<meta property=\"og:image:width\" content=\"1920\" \/>\n\t<meta property=\"og:image:height\" content=\"2560\" \/>\n\t<meta property=\"og:image:type\" content=\"image\/jpeg\" \/>\n<meta name=\"author\" content=\"isalex62\" \/>\n<meta name=\"twitter:card\" content=\"summary_large_image\" \/>\n<meta name=\"twitter:label1\" content=\"\u00c9crit par\" \/>\n\t<meta name=\"twitter:data1\" content=\"isalex62\" \/>\n\t<meta name=\"twitter:label2\" content=\"Dur\u00e9e de lecture estim\u00e9e\" \/>\n\t<meta name=\"twitter:data2\" content=\"8 minutes\" \/>\n<script type=\"application\/ld+json\" class=\"yoast-schema-graph\">{\"@context\":\"https:\/\/schema.org\",\"@graph\":[{\"@type\":\"Article\",\"@id\":\"http:\/\/ze-mas.com\/index.php\/2024\/12\/10\/ardeche-meridionale-paradis-du-trail\/#article\",\"isPartOf\":{\"@id\":\"http:\/\/ze-mas.com\/index.php\/2024\/12\/10\/ardeche-meridionale-paradis-du-trail\/\"},\"author\":{\"name\":\"isalex62\",\"@id\":\"http:\/\/ze-mas.com\/#\/schema\/person\/f1cccb17c4aef1f901f2f6141151ba45\"},\"headline\":\"Ard\u00e8che m\u00e9ridionale, paradis du trail\",\"datePublished\":\"2024-12-10T15:11:22+00:00\",\"dateModified\":\"2025-11-03T10:23:04+00:00\",\"mainEntityOfPage\":{\"@id\":\"http:\/\/ze-mas.com\/index.php\/2024\/12\/10\/ardeche-meridionale-paradis-du-trail\/\"},\"wordCount\":1392,\"publisher\":{\"@id\":\"http:\/\/ze-mas.com\/#organization\"},\"image\":{\"@id\":\"http:\/\/ze-mas.com\/index.php\/2024\/12\/10\/ardeche-meridionale-paradis-du-trail\/#primaryimage\"},\"thumbnailUrl\":\"http:\/\/ze-mas.com\/wp-content\/uploads\/2024\/12\/20240912_084018406_iOS-768x1024.jpeg\",\"keywords\":[\"Ard\u00e8che m\u00e9ridionale\",\"Drobie\",\"nature\",\"Trail\"],\"articleSection\":[\"Ard\u00e8che m\u00e9ridionale\",\"Course \u00e0 pied\",\"Ev\u00e8nements\",\"Nature et Aventure\",\"Sport et Loisirs\",\"Tourisme et Voyage\",\"Trail\",\"Trail\"],\"inLanguage\":\"fr-FR\"},{\"@type\":\"WebPage\",\"@id\":\"http:\/\/ze-mas.com\/index.php\/2024\/12\/10\/ardeche-meridionale-paradis-du-trail\/\",\"url\":\"http:\/\/ze-mas.com\/index.php\/2024\/12\/10\/ardeche-meridionale-paradis-du-trail\/\",\"name\":\"Ard\u00e8che m\u00e9ridionale, paradis pour amoureux de trail - ZE-MAS\",\"isPartOf\":{\"@id\":\"http:\/\/ze-mas.com\/#website\"},\"primaryImageOfPage\":{\"@id\":\"http:\/\/ze-mas.com\/index.php\/2024\/12\/10\/ardeche-meridionale-paradis-du-trail\/#primaryimage\"},\"image\":{\"@id\":\"http:\/\/ze-mas.com\/index.php\/2024\/12\/10\/ardeche-meridionale-paradis-du-trail\/#primaryimage\"},\"thumbnailUrl\":\"http:\/\/ze-mas.com\/wp-content\/uploads\/2024\/12\/20240912_084018406_iOS-768x1024.jpeg\",\"datePublished\":\"2024-12-10T15:11:22+00:00\",\"dateModified\":\"2025-11-03T10:23:04+00:00\",\"description\":\"L'Ard\u00e8che m\u00e9ridionale est un paradis pour les amoureux de course \u00e0 pied en milieu naturel, en particulier pour les amoureux du trail.\",\"breadcrumb\":{\"@id\":\"http:\/\/ze-mas.com\/index.php\/2024\/12\/10\/ardeche-meridionale-paradis-du-trail\/#breadcrumb\"},\"inLanguage\":\"fr-FR\",\"potentialAction\":[{\"@type\":\"ReadAction\",\"target\":[\"http:\/\/ze-mas.com\/index.php\/2024\/12\/10\/ardeche-meridionale-paradis-du-trail\/\"]}]},{\"@type\":\"ImageObject\",\"inLanguage\":\"fr-FR\",\"@id\":\"http:\/\/ze-mas.com\/index.php\/2024\/12\/10\/ardeche-meridionale-paradis-du-trail\/#primaryimage\",\"url\":\"http:\/\/ze-mas.com\/wp-content\/uploads\/2024\/12\/20240912_084018406_iOS-scaled.jpeg\",\"contentUrl\":\"http:\/\/ze-mas.com\/wp-content\/uploads\/2024\/12\/20240912_084018406_iOS-scaled.jpeg\",\"width\":1920,\"height\":2560},{\"@type\":\"BreadcrumbList\",\"@id\":\"http:\/\/ze-mas.com\/index.php\/2024\/12\/10\/ardeche-meridionale-paradis-du-trail\/#breadcrumb\",\"itemListElement\":[{\"@type\":\"ListItem\",\"position\":1,\"name\":\"Accueil\",\"item\":\"http:\/\/ze-mas.com\/\"},{\"@type\":\"ListItem\",\"position\":2,\"name\":\"Ard\u00e8che m\u00e9ridionale, paradis du trail\"}]},{\"@type\":\"WebSite\",\"@id\":\"http:\/\/ze-mas.com\/#website\",\"url\":\"http:\/\/ze-mas.com\/\",\"name\":\"ZE-MAS\",\"description\":\"Charme, calme et grand confort au c\u0153ur de l&#039;Ard\u00e8che m\u00e9ridionale\",\"publisher\":{\"@id\":\"http:\/\/ze-mas.com\/#organization\"},\"potentialAction\":[{\"@type\":\"SearchAction\",\"target\":{\"@type\":\"EntryPoint\",\"urlTemplate\":\"http:\/\/ze-mas.com\/?s={search_term_string}\"},\"query-input\":{\"@type\":\"PropertyValueSpecification\",\"valueRequired\":true,\"valueName\":\"search_term_string\"}}],\"inLanguage\":\"fr-FR\"},{\"@type\":\"Organization\",\"@id\":\"http:\/\/ze-mas.com\/#organization\",\"name\":\"ZE-MAS\",\"url\":\"http:\/\/ze-mas.com\/\",\"logo\":{\"@type\":\"ImageObject\",\"inLanguage\":\"fr-FR\",\"@id\":\"http:\/\/ze-mas.com\/#\/schema\/logo\/image\/\",\"url\":\"http:\/\/ze-mas.com\/wp-content\/uploads\/2020\/12\/cropped-20200814_143558630_iOS-scaled-1.jpg\",\"contentUrl\":\"http:\/\/ze-mas.com\/wp-content\/uploads\/2020\/12\/cropped-20200814_143558630_iOS-scaled-1.jpg\",\"width\":512,\"height\":512,\"caption\":\"ZE-MAS\"},\"image\":{\"@id\":\"http:\/\/ze-mas.com\/#\/schema\/logo\/image\/\"}},{\"@type\":\"Person\",\"@id\":\"http:\/\/ze-mas.com\/#\/schema\/person\/f1cccb17c4aef1f901f2f6141151ba45\",\"name\":\"isalex62\",\"image\":{\"@type\":\"ImageObject\",\"inLanguage\":\"fr-FR\",\"@id\":\"http:\/\/ze-mas.com\/#\/schema\/person\/image\/\",\"url\":\"https:\/\/secure.gravatar.com\/avatar\/9eebb42dcdbedc7b7498aa00a351e775e09d7bf1289fc81797883a75fbc51d33?s=96&d=mm&r=g\",\"contentUrl\":\"https:\/\/secure.gravatar.com\/avatar\/9eebb42dcdbedc7b7498aa00a351e775e09d7bf1289fc81797883a75fbc51d33?s=96&d=mm&r=g\",\"caption\":\"isalex62\"},\"url\":\"http:\/\/ze-mas.com\/index.php\/author\/isalex62\/\"}]}<\/script>\n<!-- \/ Yoast SEO plugin. -->","yoast_head_json":{"title":"Ard\u00e8che m\u00e9ridionale, paradis pour amoureux de trail - ZE-MAS","description":"L'Ard\u00e8che m\u00e9ridionale est un paradis pour les amoureux de course \u00e0 pied en milieu naturel, en particulier pour les amoureux du trail.","robots":{"index":"index","follow":"follow","max-snippet":"max-snippet:-1","max-image-preview":"max-image-preview:large","max-video-preview":"max-video-preview:-1"},"canonical":"http:\/\/ze-mas.com\/index.php\/2024\/12\/10\/ardeche-meridionale-paradis-du-trail\/","og_locale":"fr_FR","og_type":"article","og_title":"Ard\u00e8che m\u00e9ridionale, paradis pour amoureux de trail - ZE-MAS","og_description":"L'Ard\u00e8che m\u00e9ridionale est un paradis pour les amoureux de course \u00e0 pied en milieu naturel, en particulier pour les amoureux du trail.","og_url":"http:\/\/ze-mas.com\/index.php\/2024\/12\/10\/ardeche-meridionale-paradis-du-trail\/","og_site_name":"ZE-MAS","article_published_time":"2024-12-10T15:11:22+00:00","article_modified_time":"2025-11-03T10:23:04+00:00","og_image":[{"width":1920,"height":2560,"url":"http:\/\/ze-mas.com\/wp-content\/uploads\/2024\/12\/20240912_084018406_iOS-scaled.jpeg","type":"image\/jpeg"}],"author":"isalex62","twitter_card":"summary_large_image","twitter_misc":{"\u00c9crit par":"isalex62","Dur\u00e9e de lecture estim\u00e9e":"8 minutes"},"schema":{"@context":"https:\/\/schema.org","@graph":[{"@type":"Article","@id":"http:\/\/ze-mas.com\/index.php\/2024\/12\/10\/ardeche-meridionale-paradis-du-trail\/#article","isPartOf":{"@id":"http:\/\/ze-mas.com\/index.php\/2024\/12\/10\/ardeche-meridionale-paradis-du-trail\/"},"author":{"name":"isalex62","@id":"http:\/\/ze-mas.com\/#\/schema\/person\/f1cccb17c4aef1f901f2f6141151ba45"},"headline":"Ard\u00e8che m\u00e9ridionale, paradis du trail","datePublished":"2024-12-10T15:11:22+00:00","dateModified":"2025-11-03T10:23:04+00:00","mainEntityOfPage":{"@id":"http:\/\/ze-mas.com\/index.php\/2024\/12\/10\/ardeche-meridionale-paradis-du-trail\/"},"wordCount":1392,"publisher":{"@id":"http:\/\/ze-mas.com\/#organization"},"image":{"@id":"http:\/\/ze-mas.com\/index.php\/2024\/12\/10\/ardeche-meridionale-paradis-du-trail\/#primaryimage"},"thumbnailUrl":"http:\/\/ze-mas.com\/wp-content\/uploads\/2024\/12\/20240912_084018406_iOS-768x1024.jpeg","keywords":["Ard\u00e8che m\u00e9ridionale","Drobie","nature","Trail"],"articleSection":["Ard\u00e8che m\u00e9ridionale","Course \u00e0 pied","Ev\u00e8nements","Nature et Aventure","Sport et Loisirs","Tourisme et Voyage","Trail","Trail"],"inLanguage":"fr-FR"},{"@type":"WebPage","@id":"http:\/\/ze-mas.com\/index.php\/2024\/12\/10\/ardeche-meridionale-paradis-du-trail\/","url":"http:\/\/ze-mas.com\/index.php\/2024\/12\/10\/ardeche-meridionale-paradis-du-trail\/","name":"Ard\u00e8che m\u00e9ridionale, paradis pour amoureux de trail - ZE-MAS","isPartOf":{"@id":"http:\/\/ze-mas.com\/#website"},"primaryImageOfPage":{"@id":"http:\/\/ze-mas.com\/index.php\/2024\/12\/10\/ardeche-meridionale-paradis-du-trail\/#primaryimage"},"image":{"@id":"http:\/\/ze-mas.com\/index.php\/2024\/12\/10\/ardeche-meridionale-paradis-du-trail\/#primaryimage"},"thumbnailUrl":"http:\/\/ze-mas.com\/wp-content\/uploads\/2024\/12\/20240912_084018406_iOS-768x1024.jpeg","datePublished":"2024-12-10T15:11:22+00:00","dateModified":"2025-11-03T10:23:04+00:00","description":"L'Ard\u00e8che m\u00e9ridionale est un paradis pour les amoureux de course \u00e0 pied en milieu naturel, en particulier pour les amoureux du trail.","breadcrumb":{"@id":"http:\/\/ze-mas.com\/index.php\/2024\/12\/10\/ardeche-meridionale-paradis-du-trail\/#breadcrumb"},"inLanguage":"fr-FR","potentialAction":[{"@type":"ReadAction","target":["http:\/\/ze-mas.com\/index.php\/2024\/12\/10\/ardeche-meridionale-paradis-du-trail\/"]}]},{"@type":"ImageObject","inLanguage":"fr-FR","@id":"http:\/\/ze-mas.com\/index.php\/2024\/12\/10\/ardeche-meridionale-paradis-du-trail\/#primaryimage","url":"http:\/\/ze-mas.com\/wp-content\/uploads\/2024\/12\/20240912_084018406_iOS-scaled.jpeg","contentUrl":"http:\/\/ze-mas.com\/wp-content\/uploads\/2024\/12\/20240912_084018406_iOS-scaled.jpeg","width":1920,"height":2560},{"@type":"BreadcrumbList","@id":"http:\/\/ze-mas.com\/index.php\/2024\/12\/10\/ardeche-meridionale-paradis-du-trail\/#breadcrumb","itemListElement":[{"@type":"ListItem","position":1,"name":"Accueil","item":"http:\/\/ze-mas.com\/"},{"@type":"ListItem","position":2,"name":"Ard\u00e8che m\u00e9ridionale, paradis du trail"}]},{"@type":"WebSite","@id":"http:\/\/ze-mas.com\/#website","url":"http:\/\/ze-mas.com\/","name":"ZE-MAS","description":"Charme, calme et grand confort au c\u0153ur de l&#039;Ard\u00e8che m\u00e9ridionale","publisher":{"@id":"http:\/\/ze-mas.com\/#organization"},"potentialAction":[{"@type":"SearchAction","target":{"@type":"EntryPoint","urlTemplate":"http:\/\/ze-mas.com\/?s={search_term_string}"},"query-input":{"@type":"PropertyValueSpecification","valueRequired":true,"valueName":"search_term_string"}}],"inLanguage":"fr-FR"},{"@type":"Organization","@id":"http:\/\/ze-mas.com\/#organization","name":"ZE-MAS","url":"http:\/\/ze-mas.com\/","logo":{"@type":"ImageObject","inLanguage":"fr-FR","@id":"http:\/\/ze-mas.com\/#\/schema\/logo\/image\/","url":"http:\/\/ze-mas.com\/wp-content\/uploads\/2020\/12\/cropped-20200814_143558630_iOS-scaled-1.jpg","contentUrl":"http:\/\/ze-mas.com\/wp-content\/uploads\/2020\/12\/cropped-20200814_143558630_iOS-scaled-1.jpg","width":512,"height":512,"caption":"ZE-MAS"},"image":{"@id":"http:\/\/ze-mas.com\/#\/schema\/logo\/image\/"}},{"@type":"Person","@id":"http:\/\/ze-mas.com\/#\/schema\/person\/f1cccb17c4aef1f901f2f6141151ba45","name":"isalex62","image":{"@type":"ImageObject","inLanguage":"fr-FR","@id":"http:\/\/ze-mas.com\/#\/schema\/person\/image\/","url":"https:\/\/secure.gravatar.com\/avatar\/9eebb42dcdbedc7b7498aa00a351e775e09d7bf1289fc81797883a75fbc51d33?s=96&d=mm&r=g","contentUrl":"https:\/\/secure.gravatar.com\/avatar\/9eebb42dcdbedc7b7498aa00a351e775e09d7bf1289fc81797883a75fbc51d33?s=96&d=mm&r=g","caption":"isalex62"},"url":"http:\/\/ze-mas.com\/index.php\/author\/isalex62\/"}]}},"_links":{"self":[{"href":"http:\/\/ze-mas.com\/index.php\/wp-json\/wp\/v2\/posts\/390","targetHints":{"allow":["GET"]}}],"collection":[{"href":"http:\/\/ze-mas.com\/index.php\/wp-json\/wp\/v2\/posts"}],"about":[{"href":"http:\/\/ze-mas.com\/index.php\/wp-json\/wp\/v2\/types\/post"}],"author":[{"embeddable":true,"href":"http:\/\/ze-mas.com\/index.php\/wp-json\/wp\/v2\/users\/1"}],"replies":[{"embeddable":true,"href":"http:\/\/ze-mas.com\/index.php\/wp-json\/wp\/v2\/comments?post=390"}],"version-history":[{"count":1,"href":"http:\/\/ze-mas.com\/index.php\/wp-json\/wp\/v2\/posts\/390\/revisions"}],"predecessor-version":[{"id":396,"href":"http:\/\/ze-mas.com\/index.php\/wp-json\/wp\/v2\/posts\/390\/revisions\/396"}],"wp:attachment":[{"href":"http:\/\/ze-mas.com\/index.php\/wp-json\/wp\/v2\/media?parent=390"}],"wp:term":[{"taxonomy":"category","embeddable":true,"href":"http:\/\/ze-mas.com\/index.php\/wp-json\/wp\/v2\/categories?post=390"},{"taxonomy":"post_tag","embeddable":true,"href":"http:\/\/ze-mas.com\/index.php\/wp-json\/wp\/v2\/tags?post=390"}],"curies":[{"name":"wp","href":"https:\/\/api.w.org\/{rel}","templated":true}]}}